{"id":12259,"date":"2022-09-19T14:07:54","date_gmt":"2022-09-19T14:07:54","guid":{"rendered":"https:\/\/www.wierec.com\/?p=12259"},"modified":"2022-09-19T14:07:56","modified_gmt":"2022-09-19T14:07:56","slug":"felicitations-a-remo-luongo-pour-ses-20-annees-au-service-de-wiederkehr-recycling-ag","status":"publish","type":"post","link":"https:\/\/www.wierec.com\/fr\/felicitations-a-remo-luongo-pour-ses-20-annees-au-service-de-wiederkehr-recycling-ag\/","title":{"rendered":"F\u00e9licitations \u00e0 Remo Luongo pour ses 20\u00a0ann\u00e9es au service de Wiederkehr Recycling\u00a0AG"},"content":{"rendered":"\n<p>Le 1<sup>er<\/sup>\u00a0septembre\u00a02022, Remo Luongo a \u00e9t\u00e9 f\u00e9licit\u00e9 pour ses 20\u00a0ann\u00e9es de service au sein de Wiederkehr Recycling\u00a0AG. Remo a une formation de recycleur CFC et, en tant que membre du personnel op\u00e9rationnel et conducteur d\u2019installations, il est chef d\u2019\u00e9quipe adjoint de la \u00abproduction l\u00e9g\u00e8re\u00bb. Il a \u00e9galement suivi une formation continue pour devenir responsable de la radioprotection et s\u2019est engag\u00e9 en tant que tuteur aupr\u00e8s des apprentis. Les t\u00e2ches et les responsabilit\u00e9s attribu\u00e9es \u00e0 Remo Luongo montrent \u00e0 elles seules \u00e0 quel point il est un collaborateur fiable, motiv\u00e9 et ambitieux. Par cons\u00e9quent, il est aussi tr\u00e8s appr\u00e9ci\u00e9 de toute l\u2019\u00e9quipe et de ses sup\u00e9rieurs. Wiederkehr Recycling est fier de pouvoir honorer Remo Luongo, un professionnel exceptionnellement comp\u00e9tent et polyvalent, pour sa loyaut\u00e9 et sa grande fid\u00e9lit\u00e9 \u00e0 l\u2019entreprise. Le directeur du site Daniel Friedrich (\u00e0 gauche) adresse les f\u00e9licitations de la direction \u00e0 Remo Luongo (\u00e0 droite).<\/p>\n","protected":false},"excerpt":{"rendered":"<p>Le 1er\u00a0septembre\u00a02022, Remo Luongo a \u00e9t\u00e9 f\u00e9licit\u00e9 pour ses 20\u00a0ann\u00e9es de service au sein de Wiederkehr Recycling\u00a0AG. Remo a une formation de recycleur CFC et, en tant que membre du personnel op\u00e9rationnel et conducteur d\u2019installations, il est chef d\u2019\u00e9quipe adjoint de la \u00abproduction l\u00e9g\u00e8re\u00bb. Il a \u00e9galement suivi une formation continue pour devenir responsable de [&hellip;]<\/p>\n","protected":false},"author":1,"featured_media":12230,"comment_status":"closed","ping_status":"closed","sticky":false,"template":"","format":"standard","meta":{"inline_featured_image":false,"footnotes":""},"categories":[20],"tags":[],"class_list":["post-12259","post","type-post","status-publish","format-standard","has-post-thumbnail","hentry","category-aktuell-fr-2"],"yoast_head":"<!-- This site is optimized with the Yoast SEO Premium plugin v24.3 (Yoast SEO v27.3) - https:\/\/yoast.com\/product\/yoast-seo-premium-wordpress\/ -->\n<title>F\u00e9licitations \u00e0 Remo Luongo pour ses 20\u00a0ann\u00e9es au service de Wiederkehr Recycling\u00a0AG - Wiederkehr Recycling<\/title>\n<meta name=\"robots\" content=\"index, follow, max-snippet:-1, max-image-preview:large, max-video-preview:-1\" \/>\n<link rel=\"canonical\" href=\"https:\/\/www.wierec.com\/fr\/felicitations-a-remo-luongo-pour-ses-20-annees-au-service-de-wiederkehr-recycling-ag\/\" \/>\n<meta property=\"og:locale\" content=\"fr_FR\" \/>\n<meta property=\"og:type\" content=\"article\" \/>\n<meta property=\"og:title\" content=\"F\u00e9licitations \u00e0 Remo Luongo pour ses 20\u00a0ann\u00e9es au service de Wiederkehr Recycling\u00a0AG\" \/>\n<meta property=\"og:description\" content=\"Le 1er\u00a0septembre\u00a02022, Remo Luongo a \u00e9t\u00e9 f\u00e9licit\u00e9 pour ses 20\u00a0ann\u00e9es de service au sein de Wiederkehr Recycling\u00a0AG. Remo a une formation de recycleur CFC et, en tant que membre du personnel op\u00e9rationnel et conducteur d\u2019installations, il est chef d\u2019\u00e9quipe adjoint de la \u00abproduction l\u00e9g\u00e8re\u00bb. Il a \u00e9galement suivi une formation continue pour devenir responsable de [&hellip;]\" \/>\n<meta property=\"og:url\" content=\"https:\/\/www.wierec.com\/fr\/felicitations-a-remo-luongo-pour-ses-20-annees-au-service-de-wiederkehr-recycling-ag\/\" \/>\n<meta property=\"og:site_name\" content=\"Wiederkehr Recycling\" \/>\n<meta property=\"article:published_time\" content=\"2022-09-19T14:07:54+00:00\" \/>\n<meta property=\"article:modified_time\" content=\"2022-09-19T14:07:56+00:00\" \/>\n<meta property=\"og:image\" content=\"https:\/\/www.wierec.com\/wp-content\/uploads\/2022\/09\/Wiederkehr-Recycling-News-Jubilaeum-Remo-Luongo_quer_web.jpg\" \/>\n\t<meta property=\"og:image:width\" content=\"1600\" \/>\n\t<meta property=\"og:image:height\" content=\"1000\" \/>\n\t<meta property=\"og:image:type\" content=\"image\/jpeg\" \/>\n<meta name=\"author\" content=\"weberei_admin\" \/>\n<meta name=\"twitter:card\" content=\"summary_large_image\" \/>\n<meta name=\"twitter:label1\" content=\"\u00c9crit par\" \/>\n\t<meta name=\"twitter:data1\" content=\"weberei_admin\" \/>\n\t<meta name=\"twitter:label2\" content=\"Dur\u00e9e de lecture estim\u00e9e\" \/>\n\t<meta name=\"twitter:data2\" content=\"1 minute\" \/>\n<script type=\"application\/ld+json\" class=\"yoast-schema-graph\">{\"@context\":\"https:\\\/\\\/schema.org\",\"@graph\":[{\"@type\":\"Article\",\"@id\":\"https:\\\/\\\/www.wierec.com\\\/fr\\\/felicitations-a-remo-luongo-pour-ses-20-annees-au-service-de-wiederkehr-recycling-ag\\\/#article\",\"isPartOf\":{\"@id\":\"https:\\\/\\\/www.wierec.com\\\/fr\\\/felicitations-a-remo-luongo-pour-ses-20-annees-au-service-de-wiederkehr-recycling-ag\\\/\"},\"author\":{\"name\":\"weberei_admin\",\"@id\":\"https:\\\/\\\/www.wierec.com\\\/fr\\\/#\\\/schema\\\/person\\\/ce12813e381ab8fe61730eeaa2b25ce0\"},\"headline\":\"F\u00e9licitations \u00e0 Remo Luongo pour ses 20\u00a0ann\u00e9es au service de Wiederkehr Recycling\u00a0AG\",\"datePublished\":\"2022-09-19T14:07:54+00:00\",\"dateModified\":\"2022-09-19T14:07:56+00:00\",\"mainEntityOfPage\":{\"@id\":\"https:\\\/\\\/www.wierec.com\\\/fr\\\/felicitations-a-remo-luongo-pour-ses-20-annees-au-service-de-wiederkehr-recycling-ag\\\/\"},\"wordCount\":178,\"publisher\":{\"@id\":\"https:\\\/\\\/www.wierec.com\\\/fr\\\/#organization\"},\"image\":{\"@id\":\"https:\\\/\\\/www.wierec.com\\\/fr\\\/felicitations-a-remo-luongo-pour-ses-20-annees-au-service-de-wiederkehr-recycling-ag\\\/#primaryimage\"},\"thumbnailUrl\":\"https:\\\/\\\/www.wierec.com\\\/wp-content\\\/uploads\\\/2022\\\/09\\\/Wiederkehr-Recycling-News-Jubilaeum-Remo-Luongo_quer_web.jpg\",\"articleSection\":[\"Aktuell FR\"],\"inLanguage\":\"fr-FR\"},{\"@type\":\"WebPage\",\"@id\":\"https:\\\/\\\/www.wierec.com\\\/fr\\\/felicitations-a-remo-luongo-pour-ses-20-annees-au-service-de-wiederkehr-recycling-ag\\\/\",\"url\":\"https:\\\/\\\/www.wierec.com\\\/fr\\\/felicitations-a-remo-luongo-pour-ses-20-annees-au-service-de-wiederkehr-recycling-ag\\\/\",\"name\":\"F\u00e9licitations \u00e0 Remo Luongo pour ses 20\u00a0ann\u00e9es au service de Wiederkehr Recycling\u00a0AG - Wiederkehr Recycling\",\"isPartOf\":{\"@id\":\"https:\\\/\\\/www.wierec.com\\\/fr\\\/#website\"},\"primaryImageOfPage\":{\"@id\":\"https:\\\/\\\/www.wierec.com\\\/fr\\\/felicitations-a-remo-luongo-pour-ses-20-annees-au-service-de-wiederkehr-recycling-ag\\\/#primaryimage\"},\"image\":{\"@id\":\"https:\\\/\\\/www.wierec.com\\\/fr\\\/felicitations-a-remo-luongo-pour-ses-20-annees-au-service-de-wiederkehr-recycling-ag\\\/#primaryimage\"},\"thumbnailUrl\":\"https:\\\/\\\/www.wierec.com\\\/wp-content\\\/uploads\\\/2022\\\/09\\\/Wiederkehr-Recycling-News-Jubilaeum-Remo-Luongo_quer_web.jpg\",\"datePublished\":\"2022-09-19T14:07:54+00:00\",\"dateModified\":\"2022-09-19T14:07:56+00:00\",\"breadcrumb\":{\"@id\":\"https:\\\/\\\/www.wierec.com\\\/fr\\\/felicitations-a-remo-luongo-pour-ses-20-annees-au-service-de-wiederkehr-recycling-ag\\\/#breadcrumb\"},\"inLanguage\":\"fr-FR\",\"potentialAction\":[{\"@type\":\"ReadAction\",\"target\":[\"https:\\\/\\\/www.wierec.com\\\/fr\\\/felicitations-a-remo-luongo-pour-ses-20-annees-au-service-de-wiederkehr-recycling-ag\\\/\"]}]},{\"@type\":\"ImageObject\",\"inLanguage\":\"fr-FR\",\"@id\":\"https:\\\/\\\/www.wierec.com\\\/fr\\\/felicitations-a-remo-luongo-pour-ses-20-annees-au-service-de-wiederkehr-recycling-ag\\\/#primaryimage\",\"url\":\"https:\\\/\\\/www.wierec.com\\\/wp-content\\\/uploads\\\/2022\\\/09\\\/Wiederkehr-Recycling-News-Jubilaeum-Remo-Luongo_quer_web.jpg\",\"contentUrl\":\"https:\\\/\\\/www.wierec.com\\\/wp-content\\\/uploads\\\/2022\\\/09\\\/Wiederkehr-Recycling-News-Jubilaeum-Remo-Luongo_quer_web.jpg\",\"width\":1600,\"height\":1000,\"caption\":\"Wiederkehr-Recycling-News-Jubilaeum-Remo-Luongo_quer_web\"},{\"@type\":\"BreadcrumbList\",\"@id\":\"https:\\\/\\\/www.wierec.com\\\/fr\\\/felicitations-a-remo-luongo-pour-ses-20-annees-au-service-de-wiederkehr-recycling-ag\\\/#breadcrumb\",\"itemListElement\":[{\"@type\":\"ListItem\",\"position\":1,\"name\":\"Home\",\"item\":\"https:\\\/\\\/www.wierec.com\\\/fr\\\/\"},{\"@type\":\"ListItem\",\"position\":2,\"name\":\"F\u00e9licitations \u00e0 Remo Luongo pour ses 20\u00a0ann\u00e9es au service de Wiederkehr Recycling\u00a0AG\"}]},{\"@type\":\"WebSite\",\"@id\":\"https:\\\/\\\/www.wierec.com\\\/fr\\\/#website\",\"url\":\"https:\\\/\\\/www.wierec.com\\\/fr\\\/\",\"name\":\"Wiederkehr Recycling\",\"description\":\"Die Wiederkehr der Rohstoffe\",\"publisher\":{\"@id\":\"https:\\\/\\\/www.wierec.com\\\/fr\\\/#organization\"},\"potentialAction\":[{\"@type\":\"SearchAction\",\"target\":{\"@type\":\"EntryPoint\",\"urlTemplate\":\"https:\\\/\\\/www.wierec.com\\\/fr\\\/?s={search_term_string}\"},\"query-input\":{\"@type\":\"PropertyValueSpecification\",\"valueRequired\":true,\"valueName\":\"search_term_string\"}}],\"inLanguage\":\"fr-FR\"},{\"@type\":\"Organization\",\"@id\":\"https:\\\/\\\/www.wierec.com\\\/fr\\\/#organization\",\"name\":\"Wiederkehr Recycling AG\",\"url\":\"https:\\\/\\\/www.wierec.com\\\/fr\\\/\",\"logo\":{\"@type\":\"ImageObject\",\"inLanguage\":\"fr-FR\",\"@id\":\"https:\\\/\\\/www.wierec.com\\\/fr\\\/#\\\/schema\\\/logo\\\/image\\\/\",\"url\":\"https:\\\/\\\/www.wierec.com\\\/wp-content\\\/uploads\\\/2020\\\/11\\\/logo-wiederkehr-gruppe-4f-quer-001.png\",\"contentUrl\":\"https:\\\/\\\/www.wierec.com\\\/wp-content\\\/uploads\\\/2020\\\/11\\\/logo-wiederkehr-gruppe-4f-quer-001.png\",\"width\":1500,\"height\":367,\"caption\":\"Wiederkehr Recycling AG\"},\"image\":{\"@id\":\"https:\\\/\\\/www.wierec.com\\\/fr\\\/#\\\/schema\\\/logo\\\/image\\\/\"}},{\"@type\":\"Person\",\"@id\":\"https:\\\/\\\/www.wierec.com\\\/fr\\\/#\\\/schema\\\/person\\\/ce12813e381ab8fe61730eeaa2b25ce0\",\"name\":\"weberei_admin\",\"image\":{\"@type\":\"ImageObject\",\"inLanguage\":\"fr-FR\",\"@id\":\"https:\\\/\\\/secure.gravatar.com\\\/avatar\\\/6879b49cf58d1d80a8eab30189b0015bdd9eb3314e84e7aaf221dc6c17e970ac?s=96&d=mm&r=g\",\"url\":\"https:\\\/\\\/secure.gravatar.com\\\/avatar\\\/6879b49cf58d1d80a8eab30189b0015bdd9eb3314e84e7aaf221dc6c17e970ac?s=96&d=mm&r=g\",\"contentUrl\":\"https:\\\/\\\/secure.gravatar.com\\\/avatar\\\/6879b49cf58d1d80a8eab30189b0015bdd9eb3314e84e7aaf221dc6c17e970ac?s=96&d=mm&r=g\",\"caption\":\"weberei_admin\"},\"sameAs\":[\"https:\\\/\\\/www.wierec.com\"],\"url\":\"https:\\\/\\\/www.wierec.com\\\/fr\\\/author\\\/weberei_admin\\\/\"}]}<\/script>\n<!-- \/ Yoast SEO Premium plugin. -->","yoast_head_json":{"title":"F\u00e9licitations \u00e0 Remo Luongo pour ses 20\u00a0ann\u00e9es au service de Wiederkehr Recycling\u00a0AG - Wiederkehr Recycling","robots":{"index":"index","follow":"follow","max-snippet":"max-snippet:-1","max-image-preview":"max-image-preview:large","max-video-preview":"max-video-preview:-1"},"canonical":"https:\/\/www.wierec.com\/fr\/felicitations-a-remo-luongo-pour-ses-20-annees-au-service-de-wiederkehr-recycling-ag\/","og_locale":"fr_FR","og_type":"article","og_title":"F\u00e9licitations \u00e0 Remo Luongo pour ses 20\u00a0ann\u00e9es au service de Wiederkehr Recycling\u00a0AG","og_description":"Le 1er\u00a0septembre\u00a02022, Remo Luongo a \u00e9t\u00e9 f\u00e9licit\u00e9 pour ses 20\u00a0ann\u00e9es de service au sein de Wiederkehr Recycling\u00a0AG. Remo a une formation de recycleur CFC et, en tant que membre du personnel op\u00e9rationnel et conducteur d\u2019installations, il est chef d\u2019\u00e9quipe adjoint de la \u00abproduction l\u00e9g\u00e8re\u00bb. Il a \u00e9galement suivi une formation continue pour devenir responsable de [&hellip;]","og_url":"https:\/\/www.wierec.com\/fr\/felicitations-a-remo-luongo-pour-ses-20-annees-au-service-de-wiederkehr-recycling-ag\/","og_site_name":"Wiederkehr Recycling","article_published_time":"2022-09-19T14:07:54+00:00","article_modified_time":"2022-09-19T14:07:56+00:00","og_image":[{"width":1600,"height":1000,"url":"https:\/\/www.wierec.com\/wp-content\/uploads\/2022\/09\/Wiederkehr-Recycling-News-Jubilaeum-Remo-Luongo_quer_web.jpg","type":"image\/jpeg"}],"author":"weberei_admin","twitter_card":"summary_large_image","twitter_misc":{"\u00c9crit par":"weberei_admin","Dur\u00e9e de lecture estim\u00e9e":"1 minute"},"schema":{"@context":"https:\/\/schema.org","@graph":[{"@type":"Article","@id":"https:\/\/www.wierec.com\/fr\/felicitations-a-remo-luongo-pour-ses-20-annees-au-service-de-wiederkehr-recycling-ag\/#article","isPartOf":{"@id":"https:\/\/www.wierec.com\/fr\/felicitations-a-remo-luongo-pour-ses-20-annees-au-service-de-wiederkehr-recycling-ag\/"},"author":{"name":"weberei_admin","@id":"https:\/\/www.wierec.com\/fr\/#\/schema\/person\/ce12813e381ab8fe61730eeaa2b25ce0"},"headline":"F\u00e9licitations \u00e0 Remo Luongo pour ses 20\u00a0ann\u00e9es au service de Wiederkehr Recycling\u00a0AG","datePublished":"2022-09-19T14:07:54+00:00","dateModified":"2022-09-19T14:07:56+00:00","mainEntityOfPage":{"@id":"https:\/\/www.wierec.com\/fr\/felicitations-a-remo-luongo-pour-ses-20-annees-au-service-de-wiederkehr-recycling-ag\/"},"wordCount":178,"publisher":{"@id":"https:\/\/www.wierec.com\/fr\/#organization"},"image":{"@id":"https:\/\/www.wierec.com\/fr\/felicitations-a-remo-luongo-pour-ses-20-annees-au-service-de-wiederkehr-recycling-ag\/#primaryimage"},"thumbnailUrl":"https:\/\/www.wierec.com\/wp-content\/uploads\/2022\/09\/Wiederkehr-Recycling-News-Jubilaeum-Remo-Luongo_quer_web.jpg","articleSection":["Aktuell FR"],"inLanguage":"fr-FR"},{"@type":"WebPage","@id":"https:\/\/www.wierec.com\/fr\/felicitations-a-remo-luongo-pour-ses-20-annees-au-service-de-wiederkehr-recycling-ag\/","url":"https:\/\/www.wierec.com\/fr\/felicitations-a-remo-luongo-pour-ses-20-annees-au-service-de-wiederkehr-recycling-ag\/","name":"F\u00e9licitations \u00e0 Remo Luongo pour ses 20\u00a0ann\u00e9es au service de Wiederkehr Recycling\u00a0AG - Wiederkehr Recycling","isPartOf":{"@id":"https:\/\/www.wierec.com\/fr\/#website"},"primaryImageOfPage":{"@id":"https:\/\/www.wierec.com\/fr\/felicitations-a-remo-luongo-pour-ses-20-annees-au-service-de-wiederkehr-recycling-ag\/#primaryimage"},"image":{"@id":"https:\/\/www.wierec.com\/fr\/felicitations-a-remo-luongo-pour-ses-20-annees-au-service-de-wiederkehr-recycling-ag\/#primaryimage"},"thumbnailUrl":"https:\/\/www.wierec.com\/wp-content\/uploads\/2022\/09\/Wiederkehr-Recycling-News-Jubilaeum-Remo-Luongo_quer_web.jpg","datePublished":"2022-09-19T14:07:54+00:00","dateModified":"2022-09-19T14:07:56+00:00","breadcrumb":{"@id":"https:\/\/www.wierec.com\/fr\/felicitations-a-remo-luongo-pour-ses-20-annees-au-service-de-wiederkehr-recycling-ag\/#breadcrumb"},"inLanguage":"fr-FR","potentialAction":[{"@type":"ReadAction","target":["https:\/\/www.wierec.com\/fr\/felicitations-a-remo-luongo-pour-ses-20-annees-au-service-de-wiederkehr-recycling-ag\/"]}]},{"@type":"ImageObject","inLanguage":"fr-FR","@id":"https:\/\/www.wierec.com\/fr\/felicitations-a-remo-luongo-pour-ses-20-annees-au-service-de-wiederkehr-recycling-ag\/#primaryimage","url":"https:\/\/www.wierec.com\/wp-content\/uploads\/2022\/09\/Wiederkehr-Recycling-News-Jubilaeum-Remo-Luongo_quer_web.jpg","contentUrl":"https:\/\/www.wierec.com\/wp-content\/uploads\/2022\/09\/Wiederkehr-Recycling-News-Jubilaeum-Remo-Luongo_quer_web.jpg","width":1600,"height":1000,"caption":"Wiederkehr-Recycling-News-Jubilaeum-Remo-Luongo_quer_web"},{"@type":"BreadcrumbList","@id":"https:\/\/www.wierec.com\/fr\/felicitations-a-remo-luongo-pour-ses-20-annees-au-service-de-wiederkehr-recycling-ag\/#breadcrumb","itemListElement":[{"@type":"ListItem","position":1,"name":"Home","item":"https:\/\/www.wierec.com\/fr\/"},{"@type":"ListItem","position":2,"name":"F\u00e9licitations \u00e0 Remo Luongo pour ses 20\u00a0ann\u00e9es au service de Wiederkehr Recycling\u00a0AG"}]},{"@type":"WebSite","@id":"https:\/\/www.wierec.com\/fr\/#website","url":"https:\/\/www.wierec.com\/fr\/","name":"Wiederkehr Recycling","description":"Die Wiederkehr der Rohstoffe","publisher":{"@id":"https:\/\/www.wierec.com\/fr\/#organization"},"potentialAction":[{"@type":"SearchAction","target":{"@type":"EntryPoint","urlTemplate":"https:\/\/www.wierec.com\/fr\/?s={search_term_string}"},"query-input":{"@type":"PropertyValueSpecification","valueRequired":true,"valueName":"search_term_string"}}],"inLanguage":"fr-FR"},{"@type":"Organization","@id":"https:\/\/www.wierec.com\/fr\/#organization","name":"Wiederkehr Recycling AG","url":"https:\/\/www.wierec.com\/fr\/","logo":{"@type":"ImageObject","inLanguage":"fr-FR","@id":"https:\/\/www.wierec.com\/fr\/#\/schema\/logo\/image\/","url":"https:\/\/www.wierec.com\/wp-content\/uploads\/2020\/11\/logo-wiederkehr-gruppe-4f-quer-001.png","contentUrl":"https:\/\/www.wierec.com\/wp-content\/uploads\/2020\/11\/logo-wiederkehr-gruppe-4f-quer-001.png","width":1500,"height":367,"caption":"Wiederkehr Recycling AG"},"image":{"@id":"https:\/\/www.wierec.com\/fr\/#\/schema\/logo\/image\/"}},{"@type":"Person","@id":"https:\/\/www.wierec.com\/fr\/#\/schema\/person\/ce12813e381ab8fe61730eeaa2b25ce0","name":"weberei_admin","image":{"@type":"ImageObject","inLanguage":"fr-FR","@id":"https:\/\/secure.gravatar.com\/avatar\/6879b49cf58d1d80a8eab30189b0015bdd9eb3314e84e7aaf221dc6c17e970ac?s=96&d=mm&r=g","url":"https:\/\/secure.gravatar.com\/avatar\/6879b49cf58d1d80a8eab30189b0015bdd9eb3314e84e7aaf221dc6c17e970ac?s=96&d=mm&r=g","contentUrl":"https:\/\/secure.gravatar.com\/avatar\/6879b49cf58d1d80a8eab30189b0015bdd9eb3314e84e7aaf221dc6c17e970ac?s=96&d=mm&r=g","caption":"weberei_admin"},"sameAs":["https:\/\/www.wierec.com"],"url":"https:\/\/www.wierec.com\/fr\/author\/weberei_admin\/"}]}},"_links":{"self":[{"href":"https:\/\/www.wierec.com\/fr\/wp-json\/wp\/v2\/posts\/12259","targetHints":{"allow":["GET"]}}],"collection":[{"href":"https:\/\/www.wierec.com\/fr\/wp-json\/wp\/v2\/posts"}],"about":[{"href":"https:\/\/www.wierec.com\/fr\/wp-json\/wp\/v2\/types\/post"}],"author":[{"embeddable":true,"href":"https:\/\/www.wierec.com\/fr\/wp-json\/wp\/v2\/users\/1"}],"replies":[{"embeddable":true,"href":"https:\/\/www.wierec.com\/fr\/wp-json\/wp\/v2\/comments?post=12259"}],"version-history":[{"count":1,"href":"https:\/\/www.wierec.com\/fr\/wp-json\/wp\/v2\/posts\/12259\/revisions"}],"predecessor-version":[{"id":12260,"href":"https:\/\/www.wierec.com\/fr\/wp-json\/wp\/v2\/posts\/12259\/revisions\/12260"}],"wp:featuredmedia":[{"embeddable":true,"href":"https:\/\/www.wierec.com\/fr\/wp-json\/wp\/v2\/media\/12230"}],"wp:attachment":[{"href":"https:\/\/www.wierec.com\/fr\/wp-json\/wp\/v2\/media?parent=12259"}],"wp:term":[{"taxonomy":"category","embeddable":true,"href":"https:\/\/www.wierec.com\/fr\/wp-json\/wp\/v2\/categories?post=12259"},{"taxonomy":"post_tag","embeddable":true,"href":"https:\/\/www.wierec.com\/fr\/wp-json\/wp\/v2\/tags?post=12259"}],"curies":[{"name":"wp","href":"https:\/\/api.w.org\/{rel}","templated":true}]}}